{"id":1696,"date":"2021-05-24T18:37:50","date_gmt":"2021-05-24T16:37:50","guid":{"rendered":"https:\/\/www.olgakrouk.de\/?p=1696"},"modified":"2024-05-10T17:57:06","modified_gmt":"2024-05-10T15:57:06","slug":"die-senfbluetensaga-zeit-fuer-traeume","status":"publish","type":"post","link":"https:\/\/www.olgakrouk.de\/?p=1696","title":{"rendered":"Die Senfbl\u00fctensaga. Zeit f\u00fcr Tr\u00e4ume"},"content":{"rendered":"<p><img loading=\"lazy\" decoding=\"async\" class=\"alignleft size-medium wp-image-1699\" src=\"https:\/\/www.olgakrouk.de\/wp-content\/uploads\/2021\/05\/WhatsApp-Image-2021-05-24-at-18.46.55-1-275x300.jpeg\" alt=\"\" width=\"275\" height=\"300\" srcset=\"https:\/\/www.olgakrouk.de\/wp-content\/uploads\/2021\/05\/WhatsApp-Image-2021-05-24-at-18.46.55-1-275x300.jpeg 275w, https:\/\/www.olgakrouk.de\/wp-content\/uploads\/2021\/05\/WhatsApp-Image-2021-05-24-at-18.46.55-1-192x210.jpeg 192w, https:\/\/www.olgakrouk.de\/wp-content\/uploads\/2021\/05\/WhatsApp-Image-2021-05-24-at-18.46.55-1.jpeg 610w\" sizes=\"auto, (max-width: 275px) 100vw, 275px\" \/>\u201eAuthentische Familiensaga mit polarisierenden Charakteren!\u201c\u00a0<strong>Gharoo<\/strong>\u00a0f\u00fcr <a href=\"https:\/\/www.lovelybooks.de\/autor\/Clara-Langenbach\/Die-Senfbl%C3%BCtensaga-Zeit-f%C3%BCr-Tr%C3%A4ume-2747688335-w\/\" target=\"_blank\" rel=\"noopener\">Lovelybooks<\/a><\/p>\n<p>&#8222;Die Senfbl\u00fctensaga. Zeit f\u00fcr Tr\u00e4ume&#8220; ist <strong>Mai 2021<\/strong> im Fischer-Verlag erschienen.<\/p>\n<p>Klappentext:<\/p>\n<p><em>Metz, Elsass-Lothringen, 1908:<\/em>\u00a0Emma m\u00f6chte mehr im Leben erreichen, als Ehefrau und Mutter zu sein. Am liebsten w\u00fcrde sie in Stra\u00dfburg studieren. Stattdessen soll sie mit dem Sohn des Fuhrunternehmers Seidel verkuppelt werden. Emma und Carl sind einander \u2013 zu ihrer eigenen \u00dcberraschung \u2013 sofort sympathisch. Emma ist von Carls Leidenschaft f\u00fcr Aromen und D\u00fcfte begeistert und ermutigt ihn, seine eigene Senffabrik zu gr\u00fcnden. Und auch Emmas Unternehmerinnengeist ist geweckt. W\u00e4hrend er die Vorbereitungen trifft, l\u00e4sst Carl Emma an allen Entscheidungen teilhaben, fragt sie um Rat. Aber liebt sie Carl wirklich? Und warum ist sie so fasziniert von Carls Freund Antoine? Mit seinem Charme droht er einen Keil zwischen Emma und Carl zu treiben.<\/p>\n<p><strong>\u201eDie Senfbl\u00fctensaga. Zeit f\u00fcr Tr\u00e4ume\u201c<\/strong> kann man im <a href=\"https:\/\/shop.autorenwelt.de\/products\/die-senfblutensaga-zeit-fur-traume-roman-von-clara-langenbach?variant=32913922162781\" target=\"_blank\" rel=\"noopener noreferrer\">Autorenwelt-Shop<\/a> bestellen oder \u00fcberall, wo es B\u00fccher gibt!<\/p>\n<p><strong>Weitere Ausgaben:<\/strong><\/p>\n<div id=\"attachment_1707\" style=\"width: 310px\" class=\"wp-caption alignleft\"><img loading=\"lazy\" decoding=\"async\" aria-describedby=\"caption-attachment-1707\" class=\"wp-image-1707 size-medium\" src=\"https:\/\/www.olgakrouk.de\/wp-content\/uploads\/2021\/05\/ho\u0308rbuch-300x300.jpeg\" alt=\"\" width=\"300\" height=\"300\" srcset=\"https:\/\/www.olgakrouk.de\/wp-content\/uploads\/2021\/05\/ho\u0308rbuch-300x300.jpeg 300w, https:\/\/www.olgakrouk.de\/wp-content\/uploads\/2021\/05\/ho\u0308rbuch-150x150.jpeg 150w, https:\/\/www.olgakrouk.de\/wp-content\/uploads\/2021\/05\/ho\u0308rbuch-210x210.jpeg 210w, https:\/\/www.olgakrouk.de\/wp-content\/uploads\/2021\/05\/ho\u0308rbuch.jpeg 400w\" sizes=\"auto, (max-width: 300px) 100vw, 300px\" \/><p id=\"caption-attachment-1707\" class=\"wp-caption-text\">H\u00f6rbuch Argon-Verlag<\/p><\/div>\n<p>Im <a href=\"https:\/\/www.argon-verlag.de\/hoerbuch\/langenbach-die-senfbluetensaga-zeit-fuer-traeume-2005567\/\" target=\"_blank\" rel=\"noopener\">Argon-Verlag ist ein H\u00f6rbuch<\/a> erschienen. Wunderbar vorgelesen von Vanida Karun, Oliver Erwin Sch\u00f6nfeld und Sascha Rotermund!<\/p>\n","protected":false},"excerpt":{"rendered":"<p>\u201eAuthentische Familiensaga mit polarisierenden Charakteren!\u201c\u00a0Gharoo\u00a0f\u00fcr Lovelybooks &#8222;Die Senfbl\u00fctensaga. Zeit f\u00fcr Tr\u00e4ume&#8220; ist Mai 2021 im Fischer-Verlag erschienen. Klappentext: Metz, Elsass-Lothringen, 1908:\u00a0Emma m\u00f6chte mehr im Leben erreichen, als Ehefrau und Mutter &hellip; <a class=\"readmore\" href=\"https:\/\/www.olgakrouk.de\/?p=1696\">weiterlesen \u2192<\/a><\/p>\n","protected":false},"author":1,"featured_media":1690,"comment_status":"closed","ping_status":"closed","sticky":false,"template":"","format":"standard","meta":{"footnotes":""},"categories":[25],"tags":[],"class_list":["post-1696","post","type-post","status-publish","format-standard","has-post-thumbnail","hentry","category-publikationen"],"yoast_head":"<!-- This site is optimized with the Yoast SEO plugin v27.1.1 - https:\/\/yoast.com\/product\/yoast-seo-wordpress\/ -->\n<title>Die Senfbl\u00fctensaga. Zeit f\u00fcr Tr\u00e4ume - Olga A. Krouk<\/title>\n<meta name=\"robots\" content=\"index, follow, max-snippet:-1, max-image-preview:large, max-video-preview:-1\" \/>\n<link rel=\"canonical\" href=\"https:\/\/www.olgakrouk.de\/?p=1696\" \/>\n<meta property=\"og:locale\" content=\"de_DE\" \/>\n<meta property=\"og:type\" content=\"article\" \/>\n<meta property=\"og:title\" content=\"Die Senfbl\u00fctensaga. Zeit f\u00fcr Tr\u00e4ume - Olga A. Krouk\" \/>\n<meta property=\"og:description\" content=\"\u201eAuthentische Familiensaga mit polarisierenden Charakteren!\u201c\u00a0Gharoo\u00a0f\u00fcr Lovelybooks &#8222;Die Senfbl\u00fctensaga. Zeit f\u00fcr Tr\u00e4ume&#8220; ist Mai 2021 im Fischer-Verlag erschienen. Klappentext: Metz, Elsass-Lothringen, 1908:\u00a0Emma m\u00f6chte mehr im Leben erreichen, als Ehefrau und Mutter &hellip; weiterlesen \u2192\" \/>\n<meta property=\"og:url\" content=\"https:\/\/www.olgakrouk.de\/?p=1696\" \/>\n<meta property=\"og:site_name\" content=\"Olga A. Krouk\" \/>\n<meta property=\"article:published_time\" content=\"2021-05-24T16:37:50+00:00\" \/>\n<meta property=\"article:modified_time\" content=\"2024-05-10T15:57:06+00:00\" \/>\n<meta property=\"og:image\" content=\"https:\/\/www.olgakrouk.de\/wp-content\/uploads\/2021\/05\/155363564_965776450832783_6576436150187332694_n.png\" \/>\n\t<meta property=\"og:image:width\" content=\"1662\" \/>\n\t<meta property=\"og:image:height\" content=\"631\" \/>\n\t<meta property=\"og:image:type\" content=\"image\/png\" \/>\n<meta name=\"author\" content=\"elfirina\" \/>\n<meta name=\"twitter:card\" content=\"summary_large_image\" \/>\n<meta name=\"twitter:label1\" content=\"Verfasst von\" \/>\n\t<meta name=\"twitter:data1\" content=\"elfirina\" \/>\n\t<meta name=\"twitter:label2\" content=\"Gesch\u00e4tzte Lesezeit\" \/>\n\t<meta name=\"twitter:data2\" content=\"2\u00a0Minuten\" \/>\n<script type=\"application\/ld+json\" class=\"yoast-schema-graph\">{\"@context\":\"https:\/\/schema.org\",\"@graph\":[{\"@type\":\"Article\",\"@id\":\"https:\/\/www.olgakrouk.de\/?p=1696#article\",\"isPartOf\":{\"@id\":\"https:\/\/www.olgakrouk.de\/?p=1696\"},\"author\":{\"name\":\"elfirina\",\"@id\":\"https:\/\/www.olgakrouk.de\/#\/schema\/person\/1af1996cd490f9211557a11d74027f5a\"},\"headline\":\"Die Senfbl\u00fctensaga. Zeit f\u00fcr Tr\u00e4ume\",\"datePublished\":\"2021-05-24T16:37:50+00:00\",\"dateModified\":\"2024-05-10T15:57:06+00:00\",\"mainEntityOfPage\":{\"@id\":\"https:\/\/www.olgakrouk.de\/?p=1696\"},\"wordCount\":201,\"image\":{\"@id\":\"https:\/\/www.olgakrouk.de\/?p=1696#primaryimage\"},\"thumbnailUrl\":\"https:\/\/www.olgakrouk.de\/wp-content\/uploads\/2021\/05\/155363564_965776450832783_6576436150187332694_n.png\",\"articleSection\":[\"Publikationen\"],\"inLanguage\":\"de\"},{\"@type\":\"WebPage\",\"@id\":\"https:\/\/www.olgakrouk.de\/?p=1696\",\"url\":\"https:\/\/www.olgakrouk.de\/?p=1696\",\"name\":\"Die Senfbl\u00fctensaga. Zeit f\u00fcr Tr\u00e4ume - Olga A. Krouk\",\"isPartOf\":{\"@id\":\"https:\/\/www.olgakrouk.de\/#website\"},\"primaryImageOfPage\":{\"@id\":\"https:\/\/www.olgakrouk.de\/?p=1696#primaryimage\"},\"image\":{\"@id\":\"https:\/\/www.olgakrouk.de\/?p=1696#primaryimage\"},\"thumbnailUrl\":\"https:\/\/www.olgakrouk.de\/wp-content\/uploads\/2021\/05\/155363564_965776450832783_6576436150187332694_n.png\",\"datePublished\":\"2021-05-24T16:37:50+00:00\",\"dateModified\":\"2024-05-10T15:57:06+00:00\",\"author\":{\"@id\":\"https:\/\/www.olgakrouk.de\/#\/schema\/person\/1af1996cd490f9211557a11d74027f5a\"},\"breadcrumb\":{\"@id\":\"https:\/\/www.olgakrouk.de\/?p=1696#breadcrumb\"},\"inLanguage\":\"de\",\"potentialAction\":[{\"@type\":\"ReadAction\",\"target\":[\"https:\/\/www.olgakrouk.de\/?p=1696\"]}]},{\"@type\":\"ImageObject\",\"inLanguage\":\"de\",\"@id\":\"https:\/\/www.olgakrouk.de\/?p=1696#primaryimage\",\"url\":\"https:\/\/www.olgakrouk.de\/wp-content\/uploads\/2021\/05\/155363564_965776450832783_6576436150187332694_n.png\",\"contentUrl\":\"https:\/\/www.olgakrouk.de\/wp-content\/uploads\/2021\/05\/155363564_965776450832783_6576436150187332694_n.png\",\"width\":1662,\"height\":631,\"caption\":\"Die Senfbl\u00fctensaga. Zeit f\u00fcr Tr\u00e4ume\"},{\"@type\":\"BreadcrumbList\",\"@id\":\"https:\/\/www.olgakrouk.de\/?p=1696#breadcrumb\",\"itemListElement\":[{\"@type\":\"ListItem\",\"position\":1,\"name\":\"Startseite\",\"item\":\"https:\/\/www.olgakrouk.de\/\"},{\"@type\":\"ListItem\",\"position\":2,\"name\":\"Die Senfbl\u00fctensaga. Zeit f\u00fcr Tr\u00e4ume\"}]},{\"@type\":\"WebSite\",\"@id\":\"https:\/\/www.olgakrouk.de\/#website\",\"url\":\"https:\/\/www.olgakrouk.de\/\",\"name\":\"Olga A. Krouk\",\"description\":\"B\u00fccher mit Spannung. Und Herz.\",\"potentialAction\":[{\"@type\":\"SearchAction\",\"target\":{\"@type\":\"EntryPoint\",\"urlTemplate\":\"https:\/\/www.olgakrouk.de\/?s={search_term_string}\"},\"query-input\":{\"@type\":\"PropertyValueSpecification\",\"valueRequired\":true,\"valueName\":\"search_term_string\"}}],\"inLanguage\":\"de\"},{\"@type\":\"Person\",\"@id\":\"https:\/\/www.olgakrouk.de\/#\/schema\/person\/1af1996cd490f9211557a11d74027f5a\",\"name\":\"elfirina\",\"image\":{\"@type\":\"ImageObject\",\"inLanguage\":\"de\",\"@id\":\"https:\/\/www.olgakrouk.de\/#\/schema\/person\/image\/\",\"url\":\"https:\/\/secure.gravatar.com\/avatar\/458999ed7b885115b45d034cadb0230c728c4acb930197c21c9a217eda794d63?s=96&d=mm&r=g\",\"contentUrl\":\"https:\/\/secure.gravatar.com\/avatar\/458999ed7b885115b45d034cadb0230c728c4acb930197c21c9a217eda794d63?s=96&d=mm&r=g\",\"caption\":\"elfirina\"}}]}<\/script>\n<!-- \/ Yoast SEO plugin. -->","yoast_head_json":{"title":"Die Senfbl\u00fctensaga. Zeit f\u00fcr Tr\u00e4ume - Olga A. Krouk","robots":{"index":"index","follow":"follow","max-snippet":"max-snippet:-1","max-image-preview":"max-image-preview:large","max-video-preview":"max-video-preview:-1"},"canonical":"https:\/\/www.olgakrouk.de\/?p=1696","og_locale":"de_DE","og_type":"article","og_title":"Die Senfbl\u00fctensaga. Zeit f\u00fcr Tr\u00e4ume - Olga A. Krouk","og_description":"\u201eAuthentische Familiensaga mit polarisierenden Charakteren!\u201c\u00a0Gharoo\u00a0f\u00fcr Lovelybooks &#8222;Die Senfbl\u00fctensaga. Zeit f\u00fcr Tr\u00e4ume&#8220; ist Mai 2021 im Fischer-Verlag erschienen. Klappentext: Metz, Elsass-Lothringen, 1908:\u00a0Emma m\u00f6chte mehr im Leben erreichen, als Ehefrau und Mutter &hellip; weiterlesen \u2192","og_url":"https:\/\/www.olgakrouk.de\/?p=1696","og_site_name":"Olga A. Krouk","article_published_time":"2021-05-24T16:37:50+00:00","article_modified_time":"2024-05-10T15:57:06+00:00","og_image":[{"width":1662,"height":631,"url":"https:\/\/www.olgakrouk.de\/wp-content\/uploads\/2021\/05\/155363564_965776450832783_6576436150187332694_n.png","type":"image\/png"}],"author":"elfirina","twitter_card":"summary_large_image","twitter_misc":{"Verfasst von":"elfirina","Gesch\u00e4tzte Lesezeit":"2\u00a0Minuten"},"schema":{"@context":"https:\/\/schema.org","@graph":[{"@type":"Article","@id":"https:\/\/www.olgakrouk.de\/?p=1696#article","isPartOf":{"@id":"https:\/\/www.olgakrouk.de\/?p=1696"},"author":{"name":"elfirina","@id":"https:\/\/www.olgakrouk.de\/#\/schema\/person\/1af1996cd490f9211557a11d74027f5a"},"headline":"Die Senfbl\u00fctensaga. Zeit f\u00fcr Tr\u00e4ume","datePublished":"2021-05-24T16:37:50+00:00","dateModified":"2024-05-10T15:57:06+00:00","mainEntityOfPage":{"@id":"https:\/\/www.olgakrouk.de\/?p=1696"},"wordCount":201,"image":{"@id":"https:\/\/www.olgakrouk.de\/?p=1696#primaryimage"},"thumbnailUrl":"https:\/\/www.olgakrouk.de\/wp-content\/uploads\/2021\/05\/155363564_965776450832783_6576436150187332694_n.png","articleSection":["Publikationen"],"inLanguage":"de"},{"@type":"WebPage","@id":"https:\/\/www.olgakrouk.de\/?p=1696","url":"https:\/\/www.olgakrouk.de\/?p=1696","name":"Die Senfbl\u00fctensaga. Zeit f\u00fcr Tr\u00e4ume - Olga A. Krouk","isPartOf":{"@id":"https:\/\/www.olgakrouk.de\/#website"},"primaryImageOfPage":{"@id":"https:\/\/www.olgakrouk.de\/?p=1696#primaryimage"},"image":{"@id":"https:\/\/www.olgakrouk.de\/?p=1696#primaryimage"},"thumbnailUrl":"https:\/\/www.olgakrouk.de\/wp-content\/uploads\/2021\/05\/155363564_965776450832783_6576436150187332694_n.png","datePublished":"2021-05-24T16:37:50+00:00","dateModified":"2024-05-10T15:57:06+00:00","author":{"@id":"https:\/\/www.olgakrouk.de\/#\/schema\/person\/1af1996cd490f9211557a11d74027f5a"},"breadcrumb":{"@id":"https:\/\/www.olgakrouk.de\/?p=1696#breadcrumb"},"inLanguage":"de","potentialAction":[{"@type":"ReadAction","target":["https:\/\/www.olgakrouk.de\/?p=1696"]}]},{"@type":"ImageObject","inLanguage":"de","@id":"https:\/\/www.olgakrouk.de\/?p=1696#primaryimage","url":"https:\/\/www.olgakrouk.de\/wp-content\/uploads\/2021\/05\/155363564_965776450832783_6576436150187332694_n.png","contentUrl":"https:\/\/www.olgakrouk.de\/wp-content\/uploads\/2021\/05\/155363564_965776450832783_6576436150187332694_n.png","width":1662,"height":631,"caption":"Die Senfbl\u00fctensaga. Zeit f\u00fcr Tr\u00e4ume"},{"@type":"BreadcrumbList","@id":"https:\/\/www.olgakrouk.de\/?p=1696#breadcrumb","itemListElement":[{"@type":"ListItem","position":1,"name":"Startseite","item":"https:\/\/www.olgakrouk.de\/"},{"@type":"ListItem","position":2,"name":"Die Senfbl\u00fctensaga. Zeit f\u00fcr Tr\u00e4ume"}]},{"@type":"WebSite","@id":"https:\/\/www.olgakrouk.de\/#website","url":"https:\/\/www.olgakrouk.de\/","name":"Olga A. Krouk","description":"B\u00fccher mit Spannung. Und Herz.","potentialAction":[{"@type":"SearchAction","target":{"@type":"EntryPoint","urlTemplate":"https:\/\/www.olgakrouk.de\/?s={search_term_string}"},"query-input":{"@type":"PropertyValueSpecification","valueRequired":true,"valueName":"search_term_string"}}],"inLanguage":"de"},{"@type":"Person","@id":"https:\/\/www.olgakrouk.de\/#\/schema\/person\/1af1996cd490f9211557a11d74027f5a","name":"elfirina","image":{"@type":"ImageObject","inLanguage":"de","@id":"https:\/\/www.olgakrouk.de\/#\/schema\/person\/image\/","url":"https:\/\/secure.gravatar.com\/avatar\/458999ed7b885115b45d034cadb0230c728c4acb930197c21c9a217eda794d63?s=96&d=mm&r=g","contentUrl":"https:\/\/secure.gravatar.com\/avatar\/458999ed7b885115b45d034cadb0230c728c4acb930197c21c9a217eda794d63?s=96&d=mm&r=g","caption":"elfirina"}}]}},"_links":{"self":[{"href":"https:\/\/www.olgakrouk.de\/index.php?rest_route=\/wp\/v2\/posts\/1696","targetHints":{"allow":["GET"]}}],"collection":[{"href":"https:\/\/www.olgakrouk.de\/index.php?rest_route=\/wp\/v2\/posts"}],"about":[{"href":"https:\/\/www.olgakrouk.de\/index.php?rest_route=\/wp\/v2\/types\/post"}],"author":[{"embeddable":true,"href":"https:\/\/www.olgakrouk.de\/index.php?rest_route=\/wp\/v2\/users\/1"}],"replies":[{"embeddable":true,"href":"https:\/\/www.olgakrouk.de\/index.php?rest_route=%2Fwp%2Fv2%2Fcomments&post=1696"}],"version-history":[{"count":10,"href":"https:\/\/www.olgakrouk.de\/index.php?rest_route=\/wp\/v2\/posts\/1696\/revisions"}],"predecessor-version":[{"id":1776,"href":"https:\/\/www.olgakrouk.de\/index.php?rest_route=\/wp\/v2\/posts\/1696\/revisions\/1776"}],"wp:featuredmedia":[{"embeddable":true,"href":"https:\/\/www.olgakrouk.de\/index.php?rest_route=\/wp\/v2\/media\/1690"}],"wp:attachment":[{"href":"https:\/\/www.olgakrouk.de\/index.php?rest_route=%2Fwp%2Fv2%2Fmedia&parent=1696"}],"wp:term":[{"taxonomy":"category","embeddable":true,"href":"https:\/\/www.olgakrouk.de\/index.php?rest_route=%2Fwp%2Fv2%2Fcategories&post=1696"},{"taxonomy":"post_tag","embeddable":true,"href":"https:\/\/www.olgakrouk.de\/index.php?rest_route=%2Fwp%2Fv2%2Ftags&post=1696"}],"curies":[{"name":"wp","href":"https:\/\/api.w.org\/{rel}","templated":true}]}}